{"id":11429,"date":"2026-03-03T14:15:55","date_gmt":"2026-03-03T14:15:55","guid":{"rendered":"https:\/\/craftsmecca.lt\/kad-terase-klust-par-interjera-turpinajumu-pergola-ar-stikla-sistemu-trakai\/"},"modified":"2026-03-06T13:54:09","modified_gmt":"2026-03-06T13:54:09","slug":"kad-terase-klust-par-interjera-turpinajumu-pergola-ar-stikla-sistemu-trakai","status":"publish","type":"post","link":"https:\/\/craftsmecca.lt\/lv\/kad-terase-klust-par-interjera-turpinajumu-pergola-ar-stikla-sistemu-trakai\/","title":{"rendered":"Kad terase k\u013c\u016bst par interjera turpin\u0101jumu: pergola ar stikla sist\u0113mu Trakai"},"content":{"rendered":"\t\t<div data-elementor-type=\"wp-post\" data-elementor-id=\"11429\" class=\"elementor elementor-11429 elementor-11318\" data-elementor-post-type=\"post\">\n\t\t\t\t<div class=\"elementor-element elementor-element-24b9c1f1 e-flex e-con-boxed e-con e-parent\" data-id=\"24b9c1f1\" data-element_type=\"container\">\n\t\t\t\t\t<div class=\"e-con-inner\">\n\t\t\t\t<div class=\"elementor-element elementor-element-62bc0976 elementor-widget elementor-widget-text-editor\" data-id=\"62bc0976\" data-element_type=\"widget\" data-widget_type=\"text-editor.default\">\n\t\t\t\t\t\t\t\t\t<p><strong data-start=\"125\" data-end=\"144\">Projekta veids: <\/strong>Dz\u012bvojam\u0101 m\u0101ja<br data-start=\"162\" data-end=\"165\"><strong data-start=\"165\" data-end=\"178\">Atra\u0161an\u0101s vieta:<\/strong> Trakai<br data-start=\"185\" data-end=\"188\"><strong data-start=\"188\" data-end=\"203\">Risin\u0101jums:<\/strong> Telts pergola ar bezr\u0101mju stiklojumu<br data-start=\"242\" data-end=\"245\"><strong data-start=\"245\" data-end=\"273\">\u012apa\u0161a piel\u0101go\u0161ana: <\/strong>Integr\u0113ta eso\u0161aj\u0101 modernaj\u0101 m\u0101jas fas\u0101d\u0113; maksim\u0101ls skats uz apk\u0101rtni, risinot herm\u0113tiskuma un v\u0113ja slodzes jaut\u0101jumus.<br data-start=\"405\" data-end=\"408\"><strong data-start=\"408\" data-end=\"434\">\u012asteno\u0161anas periods:<\/strong> 8 ned\u0113\u013cas<\/p>\t\t\t\t\t\t\t\t<\/div>\n\t\t\t\t<div class=\"elementor-element elementor-element-819d746 elementor-widget elementor-widget-heading\" data-id=\"819d746\" data-element_type=\"widget\" data-widget_type=\"heading.default\">\n\t\t\t\t\t<h2 class=\"elementor-heading-title elementor-size-default\">Klientu pras\u012bbas<\/h2>\t\t\t\t<\/div>\n\t\t\t\t<div class=\"elementor-element elementor-element-642d3118 elementor-widget elementor-widget-text-editor\" data-id=\"642d3118\" data-element_type=\"widget\" data-widget_type=\"text-editor.default\">\n\t\t\t\t\t\t\t\t\t<ol><li><strong data-start=\"490\" data-end=\"525\">Vienota iek\u0161telpu un \u0101ra telpa.<\/strong><br data-start=\"525\" data-end=\"528\">Klients v\u0113l\u0113j\u0101s izveidot dabisku dz\u012bvojam\u0101s istabas papla\u0161in\u0101jumu uz terasi \u2013 bez vizu\u0101l\u0101m barjer\u0101m, saglab\u0101jot gaismu un telpas saj\u016btu.<\/li><li data-start=\"647\" data-end=\"811\"><strong data-start=\"647\" data-end=\"676\">Lietot visu gadu.<\/strong><br data-start=\"676\" data-end=\"679\">Bija svar\u012bgi nodro\u0161in\u0101t komfortu gan vasaras karstum\u0101, gan v\u0113s\u0101kos vai lietainos gadalaikos \u2013 ar iesp\u0113ju regul\u0113t mikroklimatu.<\/li><li data-start=\"813\" data-end=\"1000\"><strong data-start=\"813\" data-end=\"857\">Panor\u0101mas skats un dabiskais apgaismojums.<\/strong><br data-start=\"857\" data-end=\"860\">Projekt\u0101 bija j\u0101izmanto maksim\u0101li dabiskais apgaismojums un j\u0101atkl\u0101j skats uz Trakai ainavu, vienlaikus nodro\u0161inot aizsardz\u012bbu pret v\u0113ju un nokri\u0161\u0146iem.<\/li><li data-start=\"1002\" data-end=\"1148\"><strong data-start=\"1002\" data-end=\"1027\">Est\u0113tiska integr\u0101cija.<\/strong><br data-start=\"1027\" data-end=\"1030\">Pergola bija j\u0101papildina m\u0101jas modern\u0101 arhitekt\u016bras stils \u2013 nevis domin\u0113t, bet gan smalki papildin\u0101t eso\u0161o dizaina l\u012bniju.<\/li><\/ol>\t\t\t\t\t\t\t\t<\/div>\n\t\t\t\t<div class=\"elementor-element elementor-element-2a20574b elementor-widget elementor-widget-heading\" data-id=\"2a20574b\" data-element_type=\"widget\" data-widget_type=\"heading.default\">\n\t\t\t\t\t<h2 class=\"elementor-heading-title elementor-size-default\">M\u016bsu risin\u0101jums<\/h2>\t\t\t\t<\/div>\n\t\t\t\t<div class=\"elementor-element elementor-element-2fda174f elementor-widget elementor-widget-text-editor\" data-id=\"2fda174f\" data-element_type=\"widget\" data-widget_type=\"text-editor.default\">\n\t\t\t\t\t\t\t\t\t<h3 data-start=\"1175\" data-end=\"1189\">Dizains<\/h3><p data-start=\"1190\" data-end=\"1464\">Ir izveidota eleganta, viegli proporcion\u0113ta<strong data-start=\"1229\" data-end=\"1271\"> nojume ar bezr\u0101mju stiklojumu<\/strong>, kas vizu\u0101li iek\u013caujas \u0113kas arhitekt\u016br\u0101. Konstrukcija ir izstr\u0101d\u0101ta t\u0101, lai saglab\u0101tu maksim\u0101lu caursp\u012bd\u012bgumu un t\u012bras l\u012bnijas, radot greznu, bet neapgr\u016btin\u0101tu est\u0113tiku. <\/p><p data-start=\"1466\" data-end=\"1622\">Pergola ir k\u013cuvusi ne tikai par aizsargkonstrukciju, bet ar\u012b par pilnv\u0113rt\u012bgu dz\u012bvojamo telpu \u2013 ide\u0101lu vietu atp\u016btai, tik\u0161an\u0101s reiz\u0113m vai klus\u0101m vakara stund\u0101m ar skatu uz dabu.<\/p>\t\t\t\t\t\t\t\t<\/div>\n\t\t\t\t<div class=\"elementor-element elementor-element-5daa74d8 elementor-widget elementor-widget-text-editor\" data-id=\"5daa74d8\" data-element_type=\"widget\" data-widget_type=\"text-editor.default\">\n\t\t\t\t\t\t\t\t\t<h3 data-start=\"1629\" data-end=\"1655\">Izmantotie materi\u0101li<\/h3><ul data-start=\"1657\" data-end=\"2061\"><li data-start=\"1657\" data-end=\"1767\"><p data-start=\"1659\" data-end=\"1767\">Pulverkr\u0101sota alum\u012bnija konstrukcija \u2013 iztur\u012bga pret koroziju, mitrumu un temperat\u016bras sv\u0101rst\u012bb\u0101m.<\/p><\/li><li data-start=\"1768\" data-end=\"1863\"><p data-start=\"1770\" data-end=\"1863\"><strong data-start=\"1770\" data-end=\"1806\">Autom\u0101tiska mark\u012bzes jumta sist\u0113ma<\/strong> \u2013 iztur\u012bgs, pret ultravioleto starojumu un lietu iztur\u012bgs materi\u0101ls.<\/p><\/li><li data-start=\"1864\" data-end=\"1963\"><p data-start=\"1866\" data-end=\"1963\"><strong data-start=\"1866\" data-end=\"1906\">Bezr\u0101mju r\u016bd\u012bta stikla stiklojums<\/strong> \u2013 maksim\u0101la caursp\u012bd\u012bba, dro\u0161\u012bba un aizsardz\u012bba pret v\u0113ju.<\/p><\/li><li data-start=\"1964\" data-end=\"2061\"><p data-start=\"1966\" data-end=\"2061\"><strong data-start=\"1966\" data-end=\"2003\">Herm\u0113ti\u0137i un dren\u0101\u017eas risin\u0101jumi<\/strong> \u2013 nodro\u0161ina efekt\u012bvu \u016bdens novad\u012b\u0161anu un herm\u0113tiskumu.<\/p><\/li><\/ul>\t\t\t\t\t\t\t\t<\/div>\n\t\t\t\t<div class=\"elementor-element elementor-element-3541d25a elementor-widget elementor-widget-text-editor\" data-id=\"3541d25a\" data-element_type=\"widget\" data-widget_type=\"text-editor.default\">\n\t\t\t\t\t\t\t\t\t<h3 data-start=\"2068\" data-end=\"2086\">Tehnolo\u0123ija<\/h3><ul><li data-start=\"2088\" data-end=\"2262\"><strong data-start=\"2088\" data-end=\"2118\">Iztie\u0161ama jumta sist\u0113ma.<\/strong><br data-start=\"2118\" data-end=\"2121\">\u013bauj piel\u0101got \u0113nas un ventil\u0101cijas l\u012bmeni atbilsto\u0161i laika apst\u0101k\u013ciem \u2013 atv\u0113rt telpu saulain\u0101 dien\u0101, nodro\u0161in\u0101t piln\u012bgu aizsardz\u012bbu lietain\u0101 vai v\u0113jain\u0101 laik\u0101.<\/li><li data-start=\"2264\" data-end=\"2445\"><strong data-start=\"2264\" data-end=\"2303\">Bezr\u0101mju b\u012bd\u0101m\u0101 stikla sist\u0113ma.<\/strong><br data-start=\"2303\" data-end=\"2306\">\u013bauj piln\u012bb\u0101 atv\u0113rt terasi silt\u0101 sezon\u0101 vai aizv\u0113rt to, kad temperat\u016bra pazemin\u0101s, vienlaikus saglab\u0101jot skaidru panor\u0101mas skatu.<\/li><li data-start=\"2447\" data-end=\"2596\"><strong data-start=\"2447\" data-end=\"2487\">Integr\u0113ta lietus\u016bdens novad\u012b\u0161anas sist\u0113ma.<\/strong><br data-start=\"2487\" data-end=\"2490\">\u016adens tiek efekt\u012bvi sav\u0101kts un pasl\u0113pts konstrukcij\u0101, saglab\u0101jot est\u0113tiku un aizsarg\u0101jot gr\u012bdas segumu.<\/li><\/ul>\t\t\t\t\t\t\t\t<\/div>\n\t\t\t\t<div class=\"elementor-element elementor-element-3f81b66c elementor-widget elementor-widget-text-editor\" data-id=\"3f81b66c\" data-element_type=\"widget\" data-widget_type=\"text-editor.default\">\n\t\t\t\t\t\t\t\t\t<h2 data-start=\"2603\" data-end=\"2635\">Galven\u0101s funkcijas un priek\u0161roc\u012bbas<\/h2><ul data-start=\"2637\" data-end=\"2977\"><li data-start=\"2637\" data-end=\"2729\"><p data-start=\"2639\" data-end=\"2729\"><strong data-start=\"2639\" data-end=\"2668\">Maksim\u0101la dabisk\u0101 gaisma <\/strong>\u2013 pat apm\u0101ku\u0161\u0101s dien\u0101s telpa paliek gai\u0161a un m\u0101j\u012bga.<\/p><\/li><li data-start=\"2730\" data-end=\"2808\"><p data-start=\"2732\" data-end=\"2808\"><strong data-start=\"2732\" data-end=\"2767\">Elast\u012bga izmanto\u0161ana visa gada garum\u0101 <\/strong>\u2013 terase k\u013c\u016bst par pilnv\u0113rt\u012bgu m\u0101jas da\u013cu.<\/p><\/li><li data-start=\"2809\" data-end=\"2880\"><p data-start=\"2811\" data-end=\"2880\"><strong data-start=\"2811\" data-end=\"2831\">M\u016bsdien\u012bga est\u0113tika<\/strong> \u2013 konstrukcija smalki papildina arhitekt\u016bru.<\/p><\/li><li data-start=\"2881\" data-end=\"2977\"><p data-start=\"2883\" data-end=\"2977\"><strong data-start=\"2883\" data-end=\"2919\">Iztur\u012bba Lietuvas klimat\u0101<\/strong> \u2013 iztur\u012bba pret mitrumu, temperat\u016bras sv\u0101rst\u012bb\u0101m un v\u0113ju.<\/p><\/li><\/ul>\t\t\t\t\t\t\t\t<\/div>\n\t\t\t\t<div class=\"elementor-element elementor-element-35ef6a2 elementor-widget elementor-widget-text-editor\" data-id=\"35ef6a2\" data-element_type=\"widget\" data-widget_type=\"text-editor.default\">\n\t\t\t\t\t\t\t\t\t<div class=\"flex flex-col text-sm pb-25\"><article class=\"text-token-text-primary w-full focus:outline-none [--shadow-height:45px] has-data-writing-block:pointer-events-none has-data-writing-block:-mt-(--shadow-height) has-data-writing-block:pt-(--shadow-height) [&amp;:has([data-writing-block])&gt;*]:pointer-events-auto scroll-mt-[calc(var(--header-height)+min(200px,max(70px,20svh)))]\" dir=\"auto\" tabindex=\"-1\" data-turn-id=\"request-6901d357-efd4-832f-8a94-4dfb3928994b-0\" data-testid=\"conversation-turn-10\" data-scroll-anchor=\"true\" data-turn=\"assistant\"><div class=\"text-base my-auto mx-auto pb-10 [--thread-content-margin:--spacing(4)] @w-sm\/main:[--thread-content-margin:--spacing(6)] @w-lg\/main:[--thread-content-margin:--spacing(16)] px-(--thread-content-margin)\"><div class=\"[--thread-content-max-width:40rem] @w-lg\/main:[--thread-content-max-width:48rem] mx-auto max-w-(--thread-content-max-width) flex-1 group\/turn-messages focus-visible:outline-hidden relative flex w-full min-w-0 flex-col agent-turn\" tabindex=\"-1\"><div class=\"flex max-w-full flex-col grow\"><div class=\"min-h-8 text-message relative flex w-full flex-col items-end gap-2 text-start break-words whitespace-normal [.text-message+&amp;]:mt-1\" dir=\"auto\" data-message-author-role=\"assistant\" data-message-id=\"09c82768-2b3e-498c-b03d-4ff92798fecb\" data-message-model-slug=\"gpt-5-2\"><div class=\"flex w-full flex-col gap-1 empty:hidden first:pt-[1px]\"><div class=\"markdown prose dark:prose-invert w-full wrap-break-word dark markdown-new-styling\"><h2 data-start=\"2984\" data-end=\"3006\">Projekta rezult\u0101ts<\/h2><p data-start=\"3008\" data-end=\"3146\">Trakaj\u0101 izveidotais projekts ir k\u013cuvis par lielisku piem\u0113ru tam, k\u0101 tehnolo\u0123ijas un dizains var papla\u0161in\u0101t dz\u012bvojamo telpu, neietekm\u0113jot est\u0113tiku.<\/p><p data-start=\"3148\" data-end=\"3340\">Pergola ar bezr\u0101mju stiklojumu p\u0101rv\u0113rt\u0113ja parasto terasi par gai\u0161u, <strong data-start=\"3209\" data-end=\"3266\">daudzfunkcion\u0101lu telpu<\/strong>, ko var izmantot visa gada garum\u0101 un kur m\u0101jas interjers dabiski sapl\u016bst ar \u0101ra ainavu.<\/p><p data-start=\"3342\" data-end=\"3427\" data-is-last-node=\"\" data-is-only-node=\"\">\u0160is risin\u0101jums ne tikai palielina j\u016bsu \u012bpa\u0161uma v\u0113rt\u012bbu, bet ar\u012b uzlabo j\u016bsu ikdienas komfortu.<\/p><\/div><\/div><\/div><\/div><\/div><\/div><\/article><\/div>\t\t\t\t\t\t\t\t<\/div>\n\t\t\t\t<div class=\"elementor-element elementor-element-f123565 elementor-widget elementor-widget-video\" data-id=\"f123565\" data-element_type=\"widget\" data-settings=\"{&quot;youtube_url&quot;:&quot;https:\\\/\\\/youtu.be\\\/gGFi5YwFmIA?si=o8wxj3Z8Eudl9TK2&quot;,&quot;video_type&quot;:&quot;youtube&quot;,&quot;controls&quot;:&quot;yes&quot;}\" data-widget_type=\"video.default\">\n\t\t\t\t\t\t\t<div class=\"elementor-wrapper elementor-open-inline\">\n\t\t\t<div class=\"elementor-video\"><\/div>\t\t<\/div>\n\t\t\t\t\t\t<\/div>\n\t\t\t\t\t<\/div>\n\t\t\t\t<\/div>\n\t\t\t\t<\/div>\n\t\t","protected":false},"excerpt":{"rendered":"<p>Dz\u012bvojam\u0101 m\u0101ja Trakai: teltsveida pergola ar bezr\u0101mju stiklojumu, kas nodro\u0161ina vienotu iek\u0161telpu un \u0101ra telpu integr\u0101ciju un komfortu visa gada garum\u0101.<\/p>\n","protected":false},"author":1,"featured_media":5122,"comment_status":"open","ping_status":"open","sticky":false,"template":"","format":"standard","meta":{"footnotes":""},"categories":[240],"tags":[241],"class_list":["post-11429","post","type-post","status-publish","format-standard","has-post-thumbnail","hentry","category-istenotie-projekti","tag-privatie-projekti"],"blocksy_meta":[],"yoast_head":"<!-- This site is optimized with the Yoast SEO plugin v26.3 - https:\/\/yoast.com\/wordpress\/plugins\/seo\/ -->\n<title>Terase k\u0101 interjera papla\u0161in\u0101jums - Pergolas projekts Trakai - Craftsmecca<\/title>\n<meta name=\"description\" content=\"Trakaj\u0101 uzst\u0101d\u012bt\u0101 teltsveida pergola ar bezr\u0101mju stiklu rad\u012bja vienm\u0113r\u012bgu p\u0101reju starp m\u0101jas interjeru un \u0101ra telpu, nodro\u0161inot est\u0113tiku, gaismu un aizsardz\u012bbu visa gada garum\u0101.\" \/>\n<meta name=\"robots\" content=\"index, follow, max-snippet:-1, max-image-preview:large, max-video-preview:-1\" \/>\n<link rel=\"canonical\" href=\"https:\/\/craftsmecca.lt\/lv\/kad-terase-klust-par-interjera-turpinajumu-pergola-ar-stikla-sistemu-trakai\/\" \/>\n<meta property=\"og:locale\" content=\"lv_LV\" \/>\n<meta property=\"og:type\" content=\"article\" \/>\n<meta property=\"og:title\" content=\"Terase k\u0101 interjera papla\u0161in\u0101jums - Pergolas projekts Trakai - Craftsmecca\" \/>\n<meta property=\"og:description\" content=\"Trakaj\u0101 uzst\u0101d\u012bt\u0101 teltsveida pergola ar bezr\u0101mju stiklu rad\u012bja vienm\u0113r\u012bgu p\u0101reju starp m\u0101jas interjeru un \u0101ra telpu, nodro\u0161inot est\u0113tiku, gaismu un aizsardz\u012bbu visa gada garum\u0101.\" \/>\n<meta property=\"og:url\" content=\"https:\/\/craftsmecca.lt\/lv\/kad-terase-klust-par-interjera-turpinajumu-pergola-ar-stikla-sistemu-trakai\/\" \/>\n<meta property=\"og:site_name\" content=\"Craftsmecca\" \/>\n<meta property=\"article:publisher\" content=\"https:\/\/www.facebook.com\/CraftsMecca\" \/>\n<meta property=\"article:published_time\" content=\"2026-03-03T14:15:55+00:00\" \/>\n<meta property=\"article:modified_time\" content=\"2026-03-06T13:54:09+00:00\" \/>\n<meta property=\"og:image\" content=\"https:\/\/craftsmecca.lt\/wp-content\/uploads\/2025\/03\/tentines-pergolos.jpg\" \/>\n\t<meta property=\"og:image:width\" content=\"853\" \/>\n\t<meta property=\"og:image:height\" content=\"481\" \/>\n\t<meta property=\"og:image:type\" content=\"image\/jpeg\" \/>\n<meta name=\"author\" content=\"Crafts Mecca\" \/>\n<meta name=\"twitter:card\" content=\"summary_large_image\" \/>\n<meta name=\"twitter:label1\" content=\"Written by\" \/>\n\t<meta name=\"twitter:data1\" content=\"Crafts Mecca\" \/>\n\t<meta name=\"twitter:label2\" content=\"Est. reading time\" \/>\n\t<meta name=\"twitter:data2\" content=\"3 minutes\" \/>\n<script type=\"application\/ld+json\" class=\"yoast-schema-graph\">{\"@context\":\"https:\/\/schema.org\",\"@graph\":[{\"@type\":\"Article\",\"@id\":\"https:\/\/craftsmecca.lt\/lv\/kad-terase-klust-par-interjera-turpinajumu-pergola-ar-stikla-sistemu-trakai\/#article\",\"isPartOf\":{\"@id\":\"https:\/\/craftsmecca.lt\/lv\/kad-terase-klust-par-interjera-turpinajumu-pergola-ar-stikla-sistemu-trakai\/\"},\"author\":{\"name\":\"Crafts Mecca\",\"@id\":\"https:\/\/craftsmecca.lt\/lv\/#\/schema\/person\/2918b48486c99f481639195efa2639a3\"},\"headline\":\"Kad terase k\u013c\u016bst par interjera turpin\u0101jumu: pergola ar stikla sist\u0113mu Trakai\",\"datePublished\":\"2026-03-03T14:15:55+00:00\",\"dateModified\":\"2026-03-06T13:54:09+00:00\",\"mainEntityOfPage\":{\"@id\":\"https:\/\/craftsmecca.lt\/lv\/kad-terase-klust-par-interjera-turpinajumu-pergola-ar-stikla-sistemu-trakai\/\"},\"wordCount\":619,\"commentCount\":0,\"publisher\":{\"@id\":\"https:\/\/craftsmecca.lt\/lv\/#organization\"},\"image\":{\"@id\":\"https:\/\/craftsmecca.lt\/lv\/kad-terase-klust-par-interjera-turpinajumu-pergola-ar-stikla-sistemu-trakai\/#primaryimage\"},\"thumbnailUrl\":\"https:\/\/craftsmecca.lt\/wp-content\/uploads\/2025\/03\/tentines-pergolos.jpg\",\"keywords\":[\"Priv\u0101tie projekti\"],\"articleSection\":[\"\u012astenotie projekti\"],\"inLanguage\":\"lv-LV\",\"potentialAction\":[{\"@type\":\"CommentAction\",\"name\":\"Comment\",\"target\":[\"https:\/\/craftsmecca.lt\/lv\/kad-terase-klust-par-interjera-turpinajumu-pergola-ar-stikla-sistemu-trakai\/#respond\"]}]},{\"@type\":\"WebPage\",\"@id\":\"https:\/\/craftsmecca.lt\/lv\/kad-terase-klust-par-interjera-turpinajumu-pergola-ar-stikla-sistemu-trakai\/\",\"url\":\"https:\/\/craftsmecca.lt\/lv\/kad-terase-klust-par-interjera-turpinajumu-pergola-ar-stikla-sistemu-trakai\/\",\"name\":\"Terase k\u0101 interjera papla\u0161in\u0101jums - Pergolas projekts Trakai - Craftsmecca\",\"isPartOf\":{\"@id\":\"https:\/\/craftsmecca.lt\/lv\/#website\"},\"primaryImageOfPage\":{\"@id\":\"https:\/\/craftsmecca.lt\/lv\/kad-terase-klust-par-interjera-turpinajumu-pergola-ar-stikla-sistemu-trakai\/#primaryimage\"},\"image\":{\"@id\":\"https:\/\/craftsmecca.lt\/lv\/kad-terase-klust-par-interjera-turpinajumu-pergola-ar-stikla-sistemu-trakai\/#primaryimage\"},\"thumbnailUrl\":\"https:\/\/craftsmecca.lt\/wp-content\/uploads\/2025\/03\/tentines-pergolos.jpg\",\"datePublished\":\"2026-03-03T14:15:55+00:00\",\"dateModified\":\"2026-03-06T13:54:09+00:00\",\"description\":\"Trakaj\u0101 uzst\u0101d\u012bt\u0101 teltsveida pergola ar bezr\u0101mju stiklu rad\u012bja vienm\u0113r\u012bgu p\u0101reju starp m\u0101jas interjeru un \u0101ra telpu, nodro\u0161inot est\u0113tiku, gaismu un aizsardz\u012bbu visa gada garum\u0101.\",\"breadcrumb\":{\"@id\":\"https:\/\/craftsmecca.lt\/lv\/kad-terase-klust-par-interjera-turpinajumu-pergola-ar-stikla-sistemu-trakai\/#breadcrumb\"},\"inLanguage\":\"lv-LV\",\"potentialAction\":[{\"@type\":\"ReadAction\",\"target\":[\"https:\/\/craftsmecca.lt\/lv\/kad-terase-klust-par-interjera-turpinajumu-pergola-ar-stikla-sistemu-trakai\/\"]}]},{\"@type\":\"ImageObject\",\"inLanguage\":\"lv-LV\",\"@id\":\"https:\/\/craftsmecca.lt\/lv\/kad-terase-klust-par-interjera-turpinajumu-pergola-ar-stikla-sistemu-trakai\/#primaryimage\",\"url\":\"https:\/\/craftsmecca.lt\/wp-content\/uploads\/2025\/03\/tentines-pergolos.jpg\",\"contentUrl\":\"https:\/\/craftsmecca.lt\/wp-content\/uploads\/2025\/03\/tentines-pergolos.jpg\",\"width\":853,\"height\":481,\"caption\":\"Trakai nojume pergola teras\u0113 ar stiklojumu\"},{\"@type\":\"BreadcrumbList\",\"@id\":\"https:\/\/craftsmecca.lt\/lv\/kad-terase-klust-par-interjera-turpinajumu-pergola-ar-stikla-sistemu-trakai\/#breadcrumb\",\"itemListElement\":[{\"@type\":\"ListItem\",\"position\":1,\"name\":\"Home\",\"item\":\"https:\/\/craftsmecca.lt\/lv\/\"},{\"@type\":\"ListItem\",\"position\":2,\"name\":\"Kad terase k\u013c\u016bst par interjera turpin\u0101jumu: pergola ar stikla sist\u0113mu Trakai\"}]},{\"@type\":\"WebSite\",\"@id\":\"https:\/\/craftsmecca.lt\/lv\/#website\",\"url\":\"https:\/\/craftsmecca.lt\/lv\/\",\"name\":\"Craftsmecca\",\"description\":\"\",\"publisher\":{\"@id\":\"https:\/\/craftsmecca.lt\/lv\/#organization\"},\"potentialAction\":[{\"@type\":\"SearchAction\",\"target\":{\"@type\":\"EntryPoint\",\"urlTemplate\":\"https:\/\/craftsmecca.lt\/lv\/?s={search_term_string}\"},\"query-input\":{\"@type\":\"PropertyValueSpecification\",\"valueRequired\":true,\"valueName\":\"search_term_string\"}}],\"inLanguage\":\"lv-LV\"},{\"@type\":\"Organization\",\"@id\":\"https:\/\/craftsmecca.lt\/lv\/#organization\",\"name\":\"Craftsmecca\",\"url\":\"https:\/\/craftsmecca.lt\/lv\/\",\"logo\":{\"@type\":\"ImageObject\",\"inLanguage\":\"lv-LV\",\"@id\":\"https:\/\/craftsmecca.lt\/lv\/#\/schema\/logo\/image\/\",\"url\":\"https:\/\/craftsmecca.lt\/wp-content\/uploads\/2025\/02\/CraftsMecca_logo-2.png\",\"contentUrl\":\"https:\/\/craftsmecca.lt\/wp-content\/uploads\/2025\/02\/CraftsMecca_logo-2.png\",\"width\":828,\"height\":306,\"caption\":\"Craftsmecca\"},\"image\":{\"@id\":\"https:\/\/craftsmecca.lt\/lv\/#\/schema\/logo\/image\/\"},\"sameAs\":[\"https:\/\/www.facebook.com\/CraftsMecca\",\"https:\/\/www.instagram.com\/crafts_mecca\/\",\"https:\/\/www.youtube.com\/@craftsmecca2835\/videos\"]},{\"@type\":\"Person\",\"@id\":\"https:\/\/craftsmecca.lt\/lv\/#\/schema\/person\/2918b48486c99f481639195efa2639a3\",\"name\":\"Crafts Mecca\",\"image\":{\"@type\":\"ImageObject\",\"inLanguage\":\"lv-LV\",\"@id\":\"https:\/\/craftsmecca.lt\/lv\/#\/schema\/person\/image\/\",\"url\":\"https:\/\/secure.gravatar.com\/avatar\/3665e82361354da87ed15c09f5799b479e105c82be15f8d29687b69eeab6261e?s=96&d=mm&r=g\",\"contentUrl\":\"https:\/\/secure.gravatar.com\/avatar\/3665e82361354da87ed15c09f5799b479e105c82be15f8d29687b69eeab6261e?s=96&d=mm&r=g\",\"caption\":\"Crafts Mecca\"},\"sameAs\":[\"https:\/\/craftsmecca.lt\"],\"url\":\"https:\/\/craftsmecca.lt\/lv\/author\/craftsmecca-admin\/\"}]}<\/script>\n<!-- \/ Yoast SEO plugin. -->","yoast_head_json":{"title":"Terase k\u0101 interjera papla\u0161in\u0101jums - Pergolas projekts Trakai - Craftsmecca","description":"Trakaj\u0101 uzst\u0101d\u012bt\u0101 teltsveida pergola ar bezr\u0101mju stiklu rad\u012bja vienm\u0113r\u012bgu p\u0101reju starp m\u0101jas interjeru un \u0101ra telpu, nodro\u0161inot est\u0113tiku, gaismu un aizsardz\u012bbu visa gada garum\u0101.","robots":{"index":"index","follow":"follow","max-snippet":"max-snippet:-1","max-image-preview":"max-image-preview:large","max-video-preview":"max-video-preview:-1"},"canonical":"https:\/\/craftsmecca.lt\/lv\/kad-terase-klust-par-interjera-turpinajumu-pergola-ar-stikla-sistemu-trakai\/","og_locale":"lv_LV","og_type":"article","og_title":"Terase k\u0101 interjera papla\u0161in\u0101jums - Pergolas projekts Trakai - Craftsmecca","og_description":"Trakaj\u0101 uzst\u0101d\u012bt\u0101 teltsveida pergola ar bezr\u0101mju stiklu rad\u012bja vienm\u0113r\u012bgu p\u0101reju starp m\u0101jas interjeru un \u0101ra telpu, nodro\u0161inot est\u0113tiku, gaismu un aizsardz\u012bbu visa gada garum\u0101.","og_url":"https:\/\/craftsmecca.lt\/lv\/kad-terase-klust-par-interjera-turpinajumu-pergola-ar-stikla-sistemu-trakai\/","og_site_name":"Craftsmecca","article_publisher":"https:\/\/www.facebook.com\/CraftsMecca","article_published_time":"2026-03-03T14:15:55+00:00","article_modified_time":"2026-03-06T13:54:09+00:00","og_image":[{"width":853,"height":481,"url":"https:\/\/craftsmecca.lt\/wp-content\/uploads\/2025\/03\/tentines-pergolos.jpg","type":"image\/jpeg"}],"author":"Crafts Mecca","twitter_card":"summary_large_image","twitter_misc":{"Written by":"Crafts Mecca","Est. reading time":"3 minutes"},"schema":{"@context":"https:\/\/schema.org","@graph":[{"@type":"Article","@id":"https:\/\/craftsmecca.lt\/lv\/kad-terase-klust-par-interjera-turpinajumu-pergola-ar-stikla-sistemu-trakai\/#article","isPartOf":{"@id":"https:\/\/craftsmecca.lt\/lv\/kad-terase-klust-par-interjera-turpinajumu-pergola-ar-stikla-sistemu-trakai\/"},"author":{"name":"Crafts Mecca","@id":"https:\/\/craftsmecca.lt\/lv\/#\/schema\/person\/2918b48486c99f481639195efa2639a3"},"headline":"Kad terase k\u013c\u016bst par interjera turpin\u0101jumu: pergola ar stikla sist\u0113mu Trakai","datePublished":"2026-03-03T14:15:55+00:00","dateModified":"2026-03-06T13:54:09+00:00","mainEntityOfPage":{"@id":"https:\/\/craftsmecca.lt\/lv\/kad-terase-klust-par-interjera-turpinajumu-pergola-ar-stikla-sistemu-trakai\/"},"wordCount":619,"commentCount":0,"publisher":{"@id":"https:\/\/craftsmecca.lt\/lv\/#organization"},"image":{"@id":"https:\/\/craftsmecca.lt\/lv\/kad-terase-klust-par-interjera-turpinajumu-pergola-ar-stikla-sistemu-trakai\/#primaryimage"},"thumbnailUrl":"https:\/\/craftsmecca.lt\/wp-content\/uploads\/2025\/03\/tentines-pergolos.jpg","keywords":["Priv\u0101tie projekti"],"articleSection":["\u012astenotie projekti"],"inLanguage":"lv-LV","potentialAction":[{"@type":"CommentAction","name":"Comment","target":["https:\/\/craftsmecca.lt\/lv\/kad-terase-klust-par-interjera-turpinajumu-pergola-ar-stikla-sistemu-trakai\/#respond"]}]},{"@type":"WebPage","@id":"https:\/\/craftsmecca.lt\/lv\/kad-terase-klust-par-interjera-turpinajumu-pergola-ar-stikla-sistemu-trakai\/","url":"https:\/\/craftsmecca.lt\/lv\/kad-terase-klust-par-interjera-turpinajumu-pergola-ar-stikla-sistemu-trakai\/","name":"Terase k\u0101 interjera papla\u0161in\u0101jums - Pergolas projekts Trakai - Craftsmecca","isPartOf":{"@id":"https:\/\/craftsmecca.lt\/lv\/#website"},"primaryImageOfPage":{"@id":"https:\/\/craftsmecca.lt\/lv\/kad-terase-klust-par-interjera-turpinajumu-pergola-ar-stikla-sistemu-trakai\/#primaryimage"},"image":{"@id":"https:\/\/craftsmecca.lt\/lv\/kad-terase-klust-par-interjera-turpinajumu-pergola-ar-stikla-sistemu-trakai\/#primaryimage"},"thumbnailUrl":"https:\/\/craftsmecca.lt\/wp-content\/uploads\/2025\/03\/tentines-pergolos.jpg","datePublished":"2026-03-03T14:15:55+00:00","dateModified":"2026-03-06T13:54:09+00:00","description":"Trakaj\u0101 uzst\u0101d\u012bt\u0101 teltsveida pergola ar bezr\u0101mju stiklu rad\u012bja vienm\u0113r\u012bgu p\u0101reju starp m\u0101jas interjeru un \u0101ra telpu, nodro\u0161inot est\u0113tiku, gaismu un aizsardz\u012bbu visa gada garum\u0101.","breadcrumb":{"@id":"https:\/\/craftsmecca.lt\/lv\/kad-terase-klust-par-interjera-turpinajumu-pergola-ar-stikla-sistemu-trakai\/#breadcrumb"},"inLanguage":"lv-LV","potentialAction":[{"@type":"ReadAction","target":["https:\/\/craftsmecca.lt\/lv\/kad-terase-klust-par-interjera-turpinajumu-pergola-ar-stikla-sistemu-trakai\/"]}]},{"@type":"ImageObject","inLanguage":"lv-LV","@id":"https:\/\/craftsmecca.lt\/lv\/kad-terase-klust-par-interjera-turpinajumu-pergola-ar-stikla-sistemu-trakai\/#primaryimage","url":"https:\/\/craftsmecca.lt\/wp-content\/uploads\/2025\/03\/tentines-pergolos.jpg","contentUrl":"https:\/\/craftsmecca.lt\/wp-content\/uploads\/2025\/03\/tentines-pergolos.jpg","width":853,"height":481,"caption":"Trakai nojume pergola teras\u0113 ar stiklojumu"},{"@type":"BreadcrumbList","@id":"https:\/\/craftsmecca.lt\/lv\/kad-terase-klust-par-interjera-turpinajumu-pergola-ar-stikla-sistemu-trakai\/#breadcrumb","itemListElement":[{"@type":"ListItem","position":1,"name":"Home","item":"https:\/\/craftsmecca.lt\/lv\/"},{"@type":"ListItem","position":2,"name":"Kad terase k\u013c\u016bst par interjera turpin\u0101jumu: pergola ar stikla sist\u0113mu Trakai"}]},{"@type":"WebSite","@id":"https:\/\/craftsmecca.lt\/lv\/#website","url":"https:\/\/craftsmecca.lt\/lv\/","name":"Craftsmecca","description":"","publisher":{"@id":"https:\/\/craftsmecca.lt\/lv\/#organization"},"potentialAction":[{"@type":"SearchAction","target":{"@type":"EntryPoint","urlTemplate":"https:\/\/craftsmecca.lt\/lv\/?s={search_term_string}"},"query-input":{"@type":"PropertyValueSpecification","valueRequired":true,"valueName":"search_term_string"}}],"inLanguage":"lv-LV"},{"@type":"Organization","@id":"https:\/\/craftsmecca.lt\/lv\/#organization","name":"Craftsmecca","url":"https:\/\/craftsmecca.lt\/lv\/","logo":{"@type":"ImageObject","inLanguage":"lv-LV","@id":"https:\/\/craftsmecca.lt\/lv\/#\/schema\/logo\/image\/","url":"https:\/\/craftsmecca.lt\/wp-content\/uploads\/2025\/02\/CraftsMecca_logo-2.png","contentUrl":"https:\/\/craftsmecca.lt\/wp-content\/uploads\/2025\/02\/CraftsMecca_logo-2.png","width":828,"height":306,"caption":"Craftsmecca"},"image":{"@id":"https:\/\/craftsmecca.lt\/lv\/#\/schema\/logo\/image\/"},"sameAs":["https:\/\/www.facebook.com\/CraftsMecca","https:\/\/www.instagram.com\/crafts_mecca\/","https:\/\/www.youtube.com\/@craftsmecca2835\/videos"]},{"@type":"Person","@id":"https:\/\/craftsmecca.lt\/lv\/#\/schema\/person\/2918b48486c99f481639195efa2639a3","name":"Crafts Mecca","image":{"@type":"ImageObject","inLanguage":"lv-LV","@id":"https:\/\/craftsmecca.lt\/lv\/#\/schema\/person\/image\/","url":"https:\/\/secure.gravatar.com\/avatar\/3665e82361354da87ed15c09f5799b479e105c82be15f8d29687b69eeab6261e?s=96&d=mm&r=g","contentUrl":"https:\/\/secure.gravatar.com\/avatar\/3665e82361354da87ed15c09f5799b479e105c82be15f8d29687b69eeab6261e?s=96&d=mm&r=g","caption":"Crafts Mecca"},"sameAs":["https:\/\/craftsmecca.lt"],"url":"https:\/\/craftsmecca.lt\/lv\/author\/craftsmecca-admin\/"}]}},"_links":{"self":[{"href":"https:\/\/craftsmecca.lt\/lv\/wp-json\/wp\/v2\/posts\/11429","targetHints":{"allow":["GET"]}}],"collection":[{"href":"https:\/\/craftsmecca.lt\/lv\/wp-json\/wp\/v2\/posts"}],"about":[{"href":"https:\/\/craftsmecca.lt\/lv\/wp-json\/wp\/v2\/types\/post"}],"author":[{"embeddable":true,"href":"https:\/\/craftsmecca.lt\/lv\/wp-json\/wp\/v2\/users\/1"}],"replies":[{"embeddable":true,"href":"https:\/\/craftsmecca.lt\/lv\/wp-json\/wp\/v2\/comments?post=11429"}],"version-history":[{"count":1,"href":"https:\/\/craftsmecca.lt\/lv\/wp-json\/wp\/v2\/posts\/11429\/revisions"}],"predecessor-version":[{"id":11430,"href":"https:\/\/craftsmecca.lt\/lv\/wp-json\/wp\/v2\/posts\/11429\/revisions\/11430"}],"wp:featuredmedia":[{"embeddable":true,"href":"https:\/\/craftsmecca.lt\/lv\/wp-json\/wp\/v2\/media\/5122"}],"wp:attachment":[{"href":"https:\/\/craftsmecca.lt\/lv\/wp-json\/wp\/v2\/media?parent=11429"}],"wp:term":[{"taxonomy":"category","embeddable":true,"href":"https:\/\/craftsmecca.lt\/lv\/wp-json\/wp\/v2\/categories?post=11429"},{"taxonomy":"post_tag","embeddable":true,"href":"https:\/\/craftsmecca.lt\/lv\/wp-json\/wp\/v2\/tags?post=11429"}],"curies":[{"name":"wp","href":"https:\/\/api.w.org\/{rel}","templated":true}]}}