{"id":11463,"date":"2026-03-03T15:22:17","date_gmt":"2026-03-03T15:22:17","guid":{"rendered":"https:\/\/craftsmecca.lt\/maja-vilna-ar-elegantu-ara-telpu\/"},"modified":"2026-03-06T15:48:56","modified_gmt":"2026-03-06T15:48:56","slug":"maja-vilna-ar-elegantu-ara-telpu","status":"publish","type":"post","link":"https:\/\/craftsmecca.lt\/lv\/maja-vilna-ar-elegantu-ara-telpu\/","title":{"rendered":"M\u0101ja Vi\u013c\u0146\u0101 ar elegantu \u0101ra telpu"},"content":{"rendered":"\t\t<div data-elementor-type=\"wp-post\" data-elementor-id=\"11463\" class=\"elementor elementor-11463 elementor-11343\" data-elementor-post-type=\"post\">\n\t\t\t\t<div class=\"elementor-element elementor-element-a4f5c29 e-flex e-con-boxed e-con e-parent\" data-id=\"a4f5c29\" data-element_type=\"container\">\n\t\t\t\t\t<div class=\"e-con-inner\">\n\t\t\t\t<div class=\"elementor-element elementor-element-25d079f5 elementor-widget elementor-widget-text-editor\" data-id=\"25d079f5\" data-element_type=\"widget\" data-widget_type=\"text-editor.default\">\n\t\t\t\t\t\t\t\t\t<p><strong data-start=\"158\" data-end=\"177\">Projekta veids: <\/strong>Dz\u012bvojam\u0101 m\u0101ja<br data-start=\"195\" data-end=\"198\"><strong data-start=\"198\" data-end=\"211\">Atra\u0161an\u0101s vieta:<\/strong> Dz\u012bvojamais rajons, Vi\u013c\u0146a<br data-start=\"240\" data-end=\"243\"><strong data-start=\"243\" data-end=\"258\">Risin\u0101jums: <\/strong>Pie sienas piestiprin\u0101ta bioklimatiska pergola<br data-start=\"287\" data-end=\"290\"><strong data-start=\"290\" data-end=\"318\">\u012apa\u0161a piel\u0101go\u0161ana: <\/strong>Risin\u0101jums piel\u0101gots zieme\u013cu klimatam \u2013 pastiprin\u0101ta konstrukcija, herm\u0113tiskums un efekt\u012bva \u016bdens novad\u012b\u0161ana.<br data-start=\"432\" data-end=\"435\"><strong data-start=\"435\" data-end=\"461\">\u012asteno\u0161anas periods: <\/strong>8 ned\u0113\u013cas<\/p>\t\t\t\t\t\t\t\t<\/div>\n\t\t\t\t<div class=\"elementor-element elementor-element-510da4fc elementor-widget elementor-widget-heading\" data-id=\"510da4fc\" data-element_type=\"widget\" data-widget_type=\"heading.default\">\n\t\t\t\t\t<h2 class=\"elementor-heading-title elementor-size-default\">Klientu pras\u012bbas<\/h2>\t\t\t\t<\/div>\n\t\t\t\t<div class=\"elementor-element elementor-element-f5aa160 elementor-widget elementor-widget-text-editor\" data-id=\"f5aa160\" data-element_type=\"widget\" data-widget_type=\"text-editor.default\">\n\t\t\t\t\t\t\t\t\t<ol><li data-start=\"517\" data-end=\"689\"><strong data-start=\"517\" data-end=\"547\">Papla\u0161iniet savu dz\u012bves telpu.<\/strong><br data-start=\"547\" data-end=\"550\">Klienti v\u0113l\u0113j\u0101s izveidot \u0113rtu, est\u0113tisku un funkcion\u0101lu \u0101ra zonu, kur\u0101 var\u0113tu pavad\u012bt laiku kop\u0101 ar \u0123imeni un draugiem visa gada garum\u0101.<\/li><li data-start=\"691\" data-end=\"830\"><strong data-start=\"691\" data-end=\"716\">Arhitekt\u016bras harmonija.<\/strong><br data-start=\"716\" data-end=\"719\">Pergola bija j\u0101iek\u013cauj modern\u0101s m\u0101jas fas\u0101d\u0113, saglab\u0101jot t\u012bras l\u012bnijas un minim\u0101listisku dizainu.<\/li><li data-start=\"832\" data-end=\"996\"><strong data-start=\"832\" data-end=\"863\">Piel\u0101go\u0161an\u0101s klimatam.<\/strong><br data-start=\"863\" data-end=\"866\">\u0145emot v\u0113r\u0101 Lietuvas laika apst\u0101k\u013cus, konstrukcijai bija j\u0101b\u016bt iztur\u012bgai pret sniegu, lietu, sp\u0113c\u012bgu v\u0113ju un temperat\u016bras sv\u0101rst\u012bb\u0101m.<\/li><\/ol>\t\t\t\t\t\t\t\t<\/div>\n\t\t\t\t<div class=\"elementor-element elementor-element-3b5a1434 elementor-widget elementor-widget-heading\" data-id=\"3b5a1434\" data-element_type=\"widget\" data-widget_type=\"heading.default\">\n\t\t\t\t\t<h2 class=\"elementor-heading-title elementor-size-default\">M\u016bsu risin\u0101jums<\/h2>\t\t\t\t<\/div>\n\t\t\t\t<div class=\"elementor-element elementor-element-7c74affe elementor-widget elementor-widget-text-editor\" data-id=\"7c74affe\" data-element_type=\"widget\" data-widget_type=\"text-editor.default\">\n\t\t\t\t\t\t\t\t\t<h3 data-start=\"1023\" data-end=\"1037\">Dizains<\/h3><p data-start=\"1038\" data-end=\"1303\">Ir izveidota pie sienas piestiprin\u0101ta bioklimatiska pergola, kas dabiski papla\u0161ina m\u0101jas arhitekt\u016bru un rada m\u0101j\u012bgu, bet modernu \u0101ra telpu. T\u012bras l\u012bnijas strukt\u016bra p\u0101rv\u0113r\u0161 parasto pagalmu par reprezentat\u012bvu atp\u016btas zonu, kas piem\u0113rota gan ikdienas lieto\u0161anai, gan viesu uz\u0146em\u0161anai. <\/p>\t\t\t\t\t\t\t\t<\/div>\n\t\t\t\t<div class=\"elementor-element elementor-element-71dd9d9d elementor-widget elementor-widget-text-editor\" data-id=\"71dd9d9d\" data-element_type=\"widget\" data-widget_type=\"text-editor.default\">\n\t\t\t\t\t\t\t\t\t<h3 data-start=\"1310\" data-end=\"1336\">Izmantotie materi\u0101li<\/h3><ul data-start=\"1338\" data-end=\"1676\"><li data-start=\"1338\" data-end=\"1431\"><p data-start=\"1340\" data-end=\"1431\"><strong data-start=\"1340\" data-end=\"1387\">Alum\u012bnija konstrukcija ar pulverkr\u0101sas p\u0101rkl\u0101jumu<\/strong> \u2013 iztur\u012bga pret koroziju un atmosf\u0113ras iedarb\u012bbu.<\/p><\/li><li data-start=\"1432\" data-end=\"1508\"><p data-start=\"1434\" data-end=\"1508\"><strong data-start=\"1434\" data-end=\"1454\">Stikla elementi <\/strong>\u2013 maksim\u0101li palielina dabisk\u0101s gaismas iek\u013c\u016b\u0161anu.<\/p><\/li><li data-start=\"1509\" data-end=\"1601\"><p data-start=\"1511\" data-end=\"1601\"><strong data-start=\"1511\" data-end=\"1538\">Koka apdares deta\u013cas <\/strong>\u2013 nodro\u0161ina siltumu un est\u0113tisko l\u012bdzsvaru ar m\u0101jas fas\u0101di.<\/p><\/li><li data-start=\"1602\" data-end=\"1676\"><p data-start=\"1604\" data-end=\"1676\"><strong data-start=\"1604\" data-end=\"1644\">Integr\u0113ta lietus\u016bdens sav\u0101k\u0161anas sist\u0113ma<\/strong> \u2013 pasl\u0113pta galvenaj\u0101 sij\u0101.<\/p><\/li><\/ul>\t\t\t\t\t\t\t\t<\/div>\n\t\t\t\t<div class=\"elementor-element elementor-element-af5b5b4 elementor-widget elementor-widget-text-editor\" data-id=\"af5b5b4\" data-element_type=\"widget\" data-widget_type=\"text-editor.default\">\n\t\t\t\t\t\t\t\t\t<h3 data-start=\"1683\" data-end=\"1701\">Tehnolo\u0123ija<\/h3><ul><li data-start=\"1703\" data-end=\"1846\"><strong data-start=\"1703\" data-end=\"1736\">Bioklimatisk\u0101 lamelu sist\u0113ma.<\/strong><br data-start=\"1736\" data-end=\"1739\">Regul\u0113jamas jumta lamelas \u013cauj kontrol\u0113t saules gaismas daudzumu, ventil\u0101ciju un aizsardz\u012bbu pret lietu.<\/li><li data-start=\"1848\" data-end=\"2005\"><strong data-start=\"1848\" data-end=\"1884\">B\u012bd\u0101m\u0101s s\u0101nu sienas.<\/strong><br data-start=\"1884\" data-end=\"1887\">No\u0146emamie stikla vai auduma sl\u0101\u0146i \u013cauj elast\u012bgi regul\u0113t priv\u0101tumu un aizsardz\u012bbu no apk\u0101rt\u0113j\u0101s vides.<\/li><li data-start=\"2007\" data-end=\"2210\"><strong data-start=\"2007\" data-end=\"2039\">Efekt\u012bva \u016bdens novad\u012b\u0161ana.<\/strong><br data-start=\"2039\" data-end=\"2042\">Ap galven\u0101s sijas perimetru ir integr\u0113ts \u016bdens sav\u0101k\u0161anas trauks, kas novirza nokri\u0161\u0146us caur kolonn\u0101s pasl\u0113pt\u0101m atver\u0113m, nodro\u0161inot herm\u0113tiskumu un est\u0113tisku izskatu.<\/li><li data-start=\"2212\" data-end=\"2330\"><strong data-start=\"2212\" data-end=\"2247\">Iztur\u012bba pret zieme\u013cu klimatu.<\/strong><br data-start=\"2247\" data-end=\"2250\">Pastiprin\u0101ta konstrukcija, kas izstr\u0101d\u0101ta, lai iztur\u0113tu sniega slodzi un sp\u0113c\u012bgu v\u0113ju.<\/li><\/ul>\t\t\t\t\t\t\t\t<\/div>\n\t\t\t\t<div class=\"elementor-element elementor-element-11261ac4 elementor-widget elementor-widget-text-editor\" data-id=\"11261ac4\" data-element_type=\"widget\" data-widget_type=\"text-editor.default\">\n\t\t\t\t\t\t\t\t\t<h2 data-start=\"2337\" data-end=\"2369\">Galven\u0101s funkcijas un priek\u0161roc\u012bbas<\/h2><ul data-start=\"2371\" data-end=\"2583\"><li data-start=\"2371\" data-end=\"2412\"><p data-start=\"2373\" data-end=\"2412\">\u2714 \u0100ra telpa, ko var izmantot visa gada garum\u0101<\/p><\/li><li data-start=\"2413\" data-end=\"2458\"><p data-start=\"2415\" data-end=\"2458\">\u2714 Modern\u0101 integr\u0101cija m\u0101jas arhitekt\u016br\u0101<\/p><\/li><li data-start=\"2459\" data-end=\"2492\"><p data-start=\"2461\" data-end=\"2492\">\u2714 Regul\u0113jams mikroklimats<\/p><\/li><li data-start=\"2493\" data-end=\"2534\"><p data-start=\"2495\" data-end=\"2534\">\u2714 Iztur\u012bba pret sniegu, lietu un v\u0113ju<\/p><\/li><li data-start=\"2535\" data-end=\"2583\"><p data-start=\"2537\" data-end=\"2583\">\u2714 Palielin\u0101ta nekustam\u0101 \u012bpa\u0161uma est\u0113tisk\u0101 un funkcion\u0101l\u0101 v\u0113rt\u012bba<\/p><\/li><\/ul>\t\t\t\t\t\t\t\t<\/div>\n\t\t\t\t<div class=\"elementor-element elementor-element-1be4c521 elementor-widget elementor-widget-text-editor\" data-id=\"1be4c521\" data-element_type=\"widget\" data-widget_type=\"text-editor.default\">\n\t\t\t\t\t\t\t\t\t<h2 data-start=\"2590\" data-end=\"2612\">Projekta rezult\u0101ts<\/h2><p data-start=\"2614\" data-end=\"2769\">Vi\u013c\u0146\u0101 \u012bstenotais projekts ir k\u013cuvis par lielisku piem\u0113ru tam, k\u0101 bioklimatiska pergola var p\u0101rv\u0113rst pils\u0113tas pagalmu par modernu, komfortablu dz\u012bvojamo zonu.<\/p><p data-start=\"2771\" data-end=\"2936\">\u0160is risin\u0101jums ne tikai papla\u0161in\u0101ja dz\u012bvojamo plat\u012bbu, bet ar\u012b rad\u012bja funkcion\u0101lu, est\u0113tiski pievilc\u012bgu arhitekt\u016bras elementu, kas atbilst gan klimatiskaj\u0101m, gan dz\u012bvesveida vajadz\u012bb\u0101m.<\/p>\t\t\t\t\t\t\t\t<\/div>\n\t\t\t\t<div class=\"elementor-element elementor-element-1840874 elementor-widget elementor-widget-video\" data-id=\"1840874\" data-element_type=\"widget\" data-settings=\"{&quot;youtube_url&quot;:&quot;https:\\\/\\\/youtu.be\\\/z47znZq8wtE?si=duLdW5LT2Jfoey7o&quot;,&quot;video_type&quot;:&quot;youtube&quot;,&quot;controls&quot;:&quot;yes&quot;}\" data-widget_type=\"video.default\">\n\t\t\t\t\t\t\t<div class=\"elementor-wrapper elementor-open-inline\">\n\t\t\t<div class=\"elementor-video\"><\/div>\t\t<\/div>\n\t\t\t\t\t\t<\/div>\n\t\t\t\t\t<\/div>\n\t\t\t\t<\/div>\n\t\t\t\t<\/div>\n\t\t","protected":false},"excerpt":{"rendered":"<p>Vilniusa dz\u012bvojamaj\u0101 rajon\u0101 uzst\u0101d\u012bt\u0101 pie sienas piestiprin\u0101ta bioklimatisk\u0101 pergola ir rad\u012bjusi \u0101ra telpu, ko var izmantot visa gada garum\u0101, organiski papla\u0161inot modern\u0101s m\u0101jas arhitekt\u016bru un nodro\u0161inot komfortu jebkuros laika apst\u0101k\u013cos.<\/p>\n","protected":false},"author":1,"featured_media":5129,"comment_status":"open","ping_status":"open","sticky":false,"template":"","format":"standard","meta":{"footnotes":""},"categories":[240],"tags":[241],"class_list":["post-11463","post","type-post","status-publish","format-standard","has-post-thumbnail","hentry","category-istenotie-projekti","tag-privatie-projekti"],"blocksy_meta":[],"yoast_head":"<!-- This site is optimized with the Yoast SEO plugin v26.3 - https:\/\/yoast.com\/wordpress\/plugins\/seo\/ -->\n<title>M\u0101ja Vi\u013c\u0146\u0101 ar elegantu \u0101ra telpu - Bioklimatisk\u0101 pergola - Craftsmecca<\/title>\n<meta name=\"description\" content=\"Dz\u012bvojam\u0101s m\u0101jas projekts Vi\u013c\u0146\u0101: pie sienas piestiprin\u0101ta bioklimatiska pergola, kas piel\u0101gota zieme\u013cu klimatam. Regul\u0113jams mikroklimats, iztur\u012bba pret laika apst\u0101k\u013ciem un moderns integr\u0113jums arhitekt\u016br\u0101.\" \/>\n<meta name=\"robots\" content=\"index, follow, max-snippet:-1, max-image-preview:large, max-video-preview:-1\" \/>\n<link rel=\"canonical\" href=\"https:\/\/craftsmecca.lt\/lv\/maja-vilna-ar-elegantu-ara-telpu\/\" \/>\n<meta property=\"og:locale\" content=\"lv_LV\" \/>\n<meta property=\"og:type\" content=\"article\" \/>\n<meta property=\"og:title\" content=\"M\u0101ja Vi\u013c\u0146\u0101 ar elegantu \u0101ra telpu - Bioklimatisk\u0101 pergola - Craftsmecca\" \/>\n<meta property=\"og:description\" content=\"Dz\u012bvojam\u0101s m\u0101jas projekts Vi\u013c\u0146\u0101: pie sienas piestiprin\u0101ta bioklimatiska pergola, kas piel\u0101gota zieme\u013cu klimatam. Regul\u0113jams mikroklimats, iztur\u012bba pret laika apst\u0101k\u013ciem un moderns integr\u0113jums arhitekt\u016br\u0101.\" \/>\n<meta property=\"og:url\" content=\"https:\/\/craftsmecca.lt\/lv\/maja-vilna-ar-elegantu-ara-telpu\/\" \/>\n<meta property=\"og:site_name\" content=\"Craftsmecca\" \/>\n<meta property=\"article:publisher\" content=\"https:\/\/www.facebook.com\/CraftsMecca\" \/>\n<meta property=\"article:published_time\" content=\"2026-03-03T15:22:17+00:00\" \/>\n<meta property=\"article:modified_time\" content=\"2026-03-06T15:48:56+00:00\" \/>\n<meta property=\"og:image\" content=\"https:\/\/craftsmecca.lt\/wp-content\/uploads\/2025\/03\/thumbnail-tentine-pergola-giljotinis-stiklas.webp\" \/>\n\t<meta property=\"og:image:width\" content=\"1000\" \/>\n\t<meta property=\"og:image:height\" content=\"563\" \/>\n\t<meta property=\"og:image:type\" content=\"image\/webp\" \/>\n<meta name=\"author\" content=\"Crafts Mecca\" \/>\n<meta name=\"twitter:card\" content=\"summary_large_image\" \/>\n<meta name=\"twitter:label1\" content=\"Written by\" \/>\n\t<meta name=\"twitter:data1\" content=\"Crafts Mecca\" \/>\n\t<meta name=\"twitter:label2\" content=\"Est. reading time\" \/>\n\t<meta name=\"twitter:data2\" content=\"2 minutes\" \/>\n<script type=\"application\/ld+json\" class=\"yoast-schema-graph\">{\"@context\":\"https:\/\/schema.org\",\"@graph\":[{\"@type\":\"Article\",\"@id\":\"https:\/\/craftsmecca.lt\/lv\/maja-vilna-ar-elegantu-ara-telpu\/#article\",\"isPartOf\":{\"@id\":\"https:\/\/craftsmecca.lt\/lv\/maja-vilna-ar-elegantu-ara-telpu\/\"},\"author\":{\"name\":\"Crafts Mecca\",\"@id\":\"https:\/\/craftsmecca.lt\/lv\/#\/schema\/person\/2918b48486c99f481639195efa2639a3\"},\"headline\":\"M\u0101ja Vi\u013c\u0146\u0101 ar elegantu \u0101ra telpu\",\"datePublished\":\"2026-03-03T15:22:17+00:00\",\"dateModified\":\"2026-03-06T15:48:56+00:00\",\"mainEntityOfPage\":{\"@id\":\"https:\/\/craftsmecca.lt\/lv\/maja-vilna-ar-elegantu-ara-telpu\/\"},\"wordCount\":512,\"commentCount\":0,\"publisher\":{\"@id\":\"https:\/\/craftsmecca.lt\/lv\/#organization\"},\"image\":{\"@id\":\"https:\/\/craftsmecca.lt\/lv\/maja-vilna-ar-elegantu-ara-telpu\/#primaryimage\"},\"thumbnailUrl\":\"https:\/\/craftsmecca.lt\/wp-content\/uploads\/2025\/03\/thumbnail-tentine-pergola-giljotinis-stiklas.webp\",\"keywords\":[\"Priv\u0101tie projekti\"],\"articleSection\":[\"\u012astenotie projekti\"],\"inLanguage\":\"lv-LV\",\"potentialAction\":[{\"@type\":\"CommentAction\",\"name\":\"Comment\",\"target\":[\"https:\/\/craftsmecca.lt\/lv\/maja-vilna-ar-elegantu-ara-telpu\/#respond\"]}]},{\"@type\":\"WebPage\",\"@id\":\"https:\/\/craftsmecca.lt\/lv\/maja-vilna-ar-elegantu-ara-telpu\/\",\"url\":\"https:\/\/craftsmecca.lt\/lv\/maja-vilna-ar-elegantu-ara-telpu\/\",\"name\":\"M\u0101ja Vi\u013c\u0146\u0101 ar elegantu \u0101ra telpu - Bioklimatisk\u0101 pergola - Craftsmecca\",\"isPartOf\":{\"@id\":\"https:\/\/craftsmecca.lt\/lv\/#website\"},\"primaryImageOfPage\":{\"@id\":\"https:\/\/craftsmecca.lt\/lv\/maja-vilna-ar-elegantu-ara-telpu\/#primaryimage\"},\"image\":{\"@id\":\"https:\/\/craftsmecca.lt\/lv\/maja-vilna-ar-elegantu-ara-telpu\/#primaryimage\"},\"thumbnailUrl\":\"https:\/\/craftsmecca.lt\/wp-content\/uploads\/2025\/03\/thumbnail-tentine-pergola-giljotinis-stiklas.webp\",\"datePublished\":\"2026-03-03T15:22:17+00:00\",\"dateModified\":\"2026-03-06T15:48:56+00:00\",\"description\":\"Dz\u012bvojam\u0101s m\u0101jas projekts Vi\u013c\u0146\u0101: pie sienas piestiprin\u0101ta bioklimatiska pergola, kas piel\u0101gota zieme\u013cu klimatam. Regul\u0113jams mikroklimats, iztur\u012bba pret laika apst\u0101k\u013ciem un moderns integr\u0113jums arhitekt\u016br\u0101.\",\"breadcrumb\":{\"@id\":\"https:\/\/craftsmecca.lt\/lv\/maja-vilna-ar-elegantu-ara-telpu\/#breadcrumb\"},\"inLanguage\":\"lv-LV\",\"potentialAction\":[{\"@type\":\"ReadAction\",\"target\":[\"https:\/\/craftsmecca.lt\/lv\/maja-vilna-ar-elegantu-ara-telpu\/\"]}]},{\"@type\":\"ImageObject\",\"inLanguage\":\"lv-LV\",\"@id\":\"https:\/\/craftsmecca.lt\/lv\/maja-vilna-ar-elegantu-ara-telpu\/#primaryimage\",\"url\":\"https:\/\/craftsmecca.lt\/wp-content\/uploads\/2025\/03\/thumbnail-tentine-pergola-giljotinis-stiklas.webp\",\"contentUrl\":\"https:\/\/craftsmecca.lt\/wp-content\/uploads\/2025\/03\/thumbnail-tentine-pergola-giljotinis-stiklas.webp\",\"width\":1000,\"height\":563,\"caption\":\"Nojume ar giljot\u012bnas tipa stiklojumu, piln\u012bb\u0101 pacelts stikls\"},{\"@type\":\"BreadcrumbList\",\"@id\":\"https:\/\/craftsmecca.lt\/lv\/maja-vilna-ar-elegantu-ara-telpu\/#breadcrumb\",\"itemListElement\":[{\"@type\":\"ListItem\",\"position\":1,\"name\":\"Home\",\"item\":\"https:\/\/craftsmecca.lt\/lv\/\"},{\"@type\":\"ListItem\",\"position\":2,\"name\":\"M\u0101ja Vi\u013c\u0146\u0101 ar elegantu \u0101ra telpu\"}]},{\"@type\":\"WebSite\",\"@id\":\"https:\/\/craftsmecca.lt\/lv\/#website\",\"url\":\"https:\/\/craftsmecca.lt\/lv\/\",\"name\":\"Craftsmecca\",\"description\":\"\",\"publisher\":{\"@id\":\"https:\/\/craftsmecca.lt\/lv\/#organization\"},\"potentialAction\":[{\"@type\":\"SearchAction\",\"target\":{\"@type\":\"EntryPoint\",\"urlTemplate\":\"https:\/\/craftsmecca.lt\/lv\/?s={search_term_string}\"},\"query-input\":{\"@type\":\"PropertyValueSpecification\",\"valueRequired\":true,\"valueName\":\"search_term_string\"}}],\"inLanguage\":\"lv-LV\"},{\"@type\":\"Organization\",\"@id\":\"https:\/\/craftsmecca.lt\/lv\/#organization\",\"name\":\"Craftsmecca\",\"url\":\"https:\/\/craftsmecca.lt\/lv\/\",\"logo\":{\"@type\":\"ImageObject\",\"inLanguage\":\"lv-LV\",\"@id\":\"https:\/\/craftsmecca.lt\/lv\/#\/schema\/logo\/image\/\",\"url\":\"https:\/\/craftsmecca.lt\/wp-content\/uploads\/2025\/02\/CraftsMecca_logo-2.png\",\"contentUrl\":\"https:\/\/craftsmecca.lt\/wp-content\/uploads\/2025\/02\/CraftsMecca_logo-2.png\",\"width\":828,\"height\":306,\"caption\":\"Craftsmecca\"},\"image\":{\"@id\":\"https:\/\/craftsmecca.lt\/lv\/#\/schema\/logo\/image\/\"},\"sameAs\":[\"https:\/\/www.facebook.com\/CraftsMecca\",\"https:\/\/www.instagram.com\/crafts_mecca\/\",\"https:\/\/www.youtube.com\/@craftsmecca2835\/videos\"]},{\"@type\":\"Person\",\"@id\":\"https:\/\/craftsmecca.lt\/lv\/#\/schema\/person\/2918b48486c99f481639195efa2639a3\",\"name\":\"Crafts Mecca\",\"image\":{\"@type\":\"ImageObject\",\"inLanguage\":\"lv-LV\",\"@id\":\"https:\/\/craftsmecca.lt\/lv\/#\/schema\/person\/image\/\",\"url\":\"https:\/\/secure.gravatar.com\/avatar\/3665e82361354da87ed15c09f5799b479e105c82be15f8d29687b69eeab6261e?s=96&d=mm&r=g\",\"contentUrl\":\"https:\/\/secure.gravatar.com\/avatar\/3665e82361354da87ed15c09f5799b479e105c82be15f8d29687b69eeab6261e?s=96&d=mm&r=g\",\"caption\":\"Crafts Mecca\"},\"sameAs\":[\"https:\/\/craftsmecca.lt\"],\"url\":\"https:\/\/craftsmecca.lt\/lv\/author\/craftsmecca-admin\/\"}]}<\/script>\n<!-- \/ Yoast SEO plugin. -->","yoast_head_json":{"title":"M\u0101ja Vi\u013c\u0146\u0101 ar elegantu \u0101ra telpu - Bioklimatisk\u0101 pergola - Craftsmecca","description":"Dz\u012bvojam\u0101s m\u0101jas projekts Vi\u013c\u0146\u0101: pie sienas piestiprin\u0101ta bioklimatiska pergola, kas piel\u0101gota zieme\u013cu klimatam. Regul\u0113jams mikroklimats, iztur\u012bba pret laika apst\u0101k\u013ciem un moderns integr\u0113jums arhitekt\u016br\u0101.","robots":{"index":"index","follow":"follow","max-snippet":"max-snippet:-1","max-image-preview":"max-image-preview:large","max-video-preview":"max-video-preview:-1"},"canonical":"https:\/\/craftsmecca.lt\/lv\/maja-vilna-ar-elegantu-ara-telpu\/","og_locale":"lv_LV","og_type":"article","og_title":"M\u0101ja Vi\u013c\u0146\u0101 ar elegantu \u0101ra telpu - Bioklimatisk\u0101 pergola - Craftsmecca","og_description":"Dz\u012bvojam\u0101s m\u0101jas projekts Vi\u013c\u0146\u0101: pie sienas piestiprin\u0101ta bioklimatiska pergola, kas piel\u0101gota zieme\u013cu klimatam. Regul\u0113jams mikroklimats, iztur\u012bba pret laika apst\u0101k\u013ciem un moderns integr\u0113jums arhitekt\u016br\u0101.","og_url":"https:\/\/craftsmecca.lt\/lv\/maja-vilna-ar-elegantu-ara-telpu\/","og_site_name":"Craftsmecca","article_publisher":"https:\/\/www.facebook.com\/CraftsMecca","article_published_time":"2026-03-03T15:22:17+00:00","article_modified_time":"2026-03-06T15:48:56+00:00","og_image":[{"width":1000,"height":563,"url":"https:\/\/craftsmecca.lt\/wp-content\/uploads\/2025\/03\/thumbnail-tentine-pergola-giljotinis-stiklas.webp","type":"image\/webp"}],"author":"Crafts Mecca","twitter_card":"summary_large_image","twitter_misc":{"Written by":"Crafts Mecca","Est. reading time":"2 minutes"},"schema":{"@context":"https:\/\/schema.org","@graph":[{"@type":"Article","@id":"https:\/\/craftsmecca.lt\/lv\/maja-vilna-ar-elegantu-ara-telpu\/#article","isPartOf":{"@id":"https:\/\/craftsmecca.lt\/lv\/maja-vilna-ar-elegantu-ara-telpu\/"},"author":{"name":"Crafts Mecca","@id":"https:\/\/craftsmecca.lt\/lv\/#\/schema\/person\/2918b48486c99f481639195efa2639a3"},"headline":"M\u0101ja Vi\u013c\u0146\u0101 ar elegantu \u0101ra telpu","datePublished":"2026-03-03T15:22:17+00:00","dateModified":"2026-03-06T15:48:56+00:00","mainEntityOfPage":{"@id":"https:\/\/craftsmecca.lt\/lv\/maja-vilna-ar-elegantu-ara-telpu\/"},"wordCount":512,"commentCount":0,"publisher":{"@id":"https:\/\/craftsmecca.lt\/lv\/#organization"},"image":{"@id":"https:\/\/craftsmecca.lt\/lv\/maja-vilna-ar-elegantu-ara-telpu\/#primaryimage"},"thumbnailUrl":"https:\/\/craftsmecca.lt\/wp-content\/uploads\/2025\/03\/thumbnail-tentine-pergola-giljotinis-stiklas.webp","keywords":["Priv\u0101tie projekti"],"articleSection":["\u012astenotie projekti"],"inLanguage":"lv-LV","potentialAction":[{"@type":"CommentAction","name":"Comment","target":["https:\/\/craftsmecca.lt\/lv\/maja-vilna-ar-elegantu-ara-telpu\/#respond"]}]},{"@type":"WebPage","@id":"https:\/\/craftsmecca.lt\/lv\/maja-vilna-ar-elegantu-ara-telpu\/","url":"https:\/\/craftsmecca.lt\/lv\/maja-vilna-ar-elegantu-ara-telpu\/","name":"M\u0101ja Vi\u013c\u0146\u0101 ar elegantu \u0101ra telpu - Bioklimatisk\u0101 pergola - Craftsmecca","isPartOf":{"@id":"https:\/\/craftsmecca.lt\/lv\/#website"},"primaryImageOfPage":{"@id":"https:\/\/craftsmecca.lt\/lv\/maja-vilna-ar-elegantu-ara-telpu\/#primaryimage"},"image":{"@id":"https:\/\/craftsmecca.lt\/lv\/maja-vilna-ar-elegantu-ara-telpu\/#primaryimage"},"thumbnailUrl":"https:\/\/craftsmecca.lt\/wp-content\/uploads\/2025\/03\/thumbnail-tentine-pergola-giljotinis-stiklas.webp","datePublished":"2026-03-03T15:22:17+00:00","dateModified":"2026-03-06T15:48:56+00:00","description":"Dz\u012bvojam\u0101s m\u0101jas projekts Vi\u013c\u0146\u0101: pie sienas piestiprin\u0101ta bioklimatiska pergola, kas piel\u0101gota zieme\u013cu klimatam. Regul\u0113jams mikroklimats, iztur\u012bba pret laika apst\u0101k\u013ciem un moderns integr\u0113jums arhitekt\u016br\u0101.","breadcrumb":{"@id":"https:\/\/craftsmecca.lt\/lv\/maja-vilna-ar-elegantu-ara-telpu\/#breadcrumb"},"inLanguage":"lv-LV","potentialAction":[{"@type":"ReadAction","target":["https:\/\/craftsmecca.lt\/lv\/maja-vilna-ar-elegantu-ara-telpu\/"]}]},{"@type":"ImageObject","inLanguage":"lv-LV","@id":"https:\/\/craftsmecca.lt\/lv\/maja-vilna-ar-elegantu-ara-telpu\/#primaryimage","url":"https:\/\/craftsmecca.lt\/wp-content\/uploads\/2025\/03\/thumbnail-tentine-pergola-giljotinis-stiklas.webp","contentUrl":"https:\/\/craftsmecca.lt\/wp-content\/uploads\/2025\/03\/thumbnail-tentine-pergola-giljotinis-stiklas.webp","width":1000,"height":563,"caption":"Nojume ar giljot\u012bnas tipa stiklojumu, piln\u012bb\u0101 pacelts stikls"},{"@type":"BreadcrumbList","@id":"https:\/\/craftsmecca.lt\/lv\/maja-vilna-ar-elegantu-ara-telpu\/#breadcrumb","itemListElement":[{"@type":"ListItem","position":1,"name":"Home","item":"https:\/\/craftsmecca.lt\/lv\/"},{"@type":"ListItem","position":2,"name":"M\u0101ja Vi\u013c\u0146\u0101 ar elegantu \u0101ra telpu"}]},{"@type":"WebSite","@id":"https:\/\/craftsmecca.lt\/lv\/#website","url":"https:\/\/craftsmecca.lt\/lv\/","name":"Craftsmecca","description":"","publisher":{"@id":"https:\/\/craftsmecca.lt\/lv\/#organization"},"potentialAction":[{"@type":"SearchAction","target":{"@type":"EntryPoint","urlTemplate":"https:\/\/craftsmecca.lt\/lv\/?s={search_term_string}"},"query-input":{"@type":"PropertyValueSpecification","valueRequired":true,"valueName":"search_term_string"}}],"inLanguage":"lv-LV"},{"@type":"Organization","@id":"https:\/\/craftsmecca.lt\/lv\/#organization","name":"Craftsmecca","url":"https:\/\/craftsmecca.lt\/lv\/","logo":{"@type":"ImageObject","inLanguage":"lv-LV","@id":"https:\/\/craftsmecca.lt\/lv\/#\/schema\/logo\/image\/","url":"https:\/\/craftsmecca.lt\/wp-content\/uploads\/2025\/02\/CraftsMecca_logo-2.png","contentUrl":"https:\/\/craftsmecca.lt\/wp-content\/uploads\/2025\/02\/CraftsMecca_logo-2.png","width":828,"height":306,"caption":"Craftsmecca"},"image":{"@id":"https:\/\/craftsmecca.lt\/lv\/#\/schema\/logo\/image\/"},"sameAs":["https:\/\/www.facebook.com\/CraftsMecca","https:\/\/www.instagram.com\/crafts_mecca\/","https:\/\/www.youtube.com\/@craftsmecca2835\/videos"]},{"@type":"Person","@id":"https:\/\/craftsmecca.lt\/lv\/#\/schema\/person\/2918b48486c99f481639195efa2639a3","name":"Crafts Mecca","image":{"@type":"ImageObject","inLanguage":"lv-LV","@id":"https:\/\/craftsmecca.lt\/lv\/#\/schema\/person\/image\/","url":"https:\/\/secure.gravatar.com\/avatar\/3665e82361354da87ed15c09f5799b479e105c82be15f8d29687b69eeab6261e?s=96&d=mm&r=g","contentUrl":"https:\/\/secure.gravatar.com\/avatar\/3665e82361354da87ed15c09f5799b479e105c82be15f8d29687b69eeab6261e?s=96&d=mm&r=g","caption":"Crafts Mecca"},"sameAs":["https:\/\/craftsmecca.lt"],"url":"https:\/\/craftsmecca.lt\/lv\/author\/craftsmecca-admin\/"}]}},"_links":{"self":[{"href":"https:\/\/craftsmecca.lt\/lv\/wp-json\/wp\/v2\/posts\/11463","targetHints":{"allow":["GET"]}}],"collection":[{"href":"https:\/\/craftsmecca.lt\/lv\/wp-json\/wp\/v2\/posts"}],"about":[{"href":"https:\/\/craftsmecca.lt\/lv\/wp-json\/wp\/v2\/types\/post"}],"author":[{"embeddable":true,"href":"https:\/\/craftsmecca.lt\/lv\/wp-json\/wp\/v2\/users\/1"}],"replies":[{"embeddable":true,"href":"https:\/\/craftsmecca.lt\/lv\/wp-json\/wp\/v2\/comments?post=11463"}],"version-history":[{"count":1,"href":"https:\/\/craftsmecca.lt\/lv\/wp-json\/wp\/v2\/posts\/11463\/revisions"}],"predecessor-version":[{"id":11464,"href":"https:\/\/craftsmecca.lt\/lv\/wp-json\/wp\/v2\/posts\/11463\/revisions\/11464"}],"wp:featuredmedia":[{"embeddable":true,"href":"https:\/\/craftsmecca.lt\/lv\/wp-json\/wp\/v2\/media\/5129"}],"wp:attachment":[{"href":"https:\/\/craftsmecca.lt\/lv\/wp-json\/wp\/v2\/media?parent=11463"}],"wp:term":[{"taxonomy":"category","embeddable":true,"href":"https:\/\/craftsmecca.lt\/lv\/wp-json\/wp\/v2\/categories?post=11463"},{"taxonomy":"post_tag","embeddable":true,"href":"https:\/\/craftsmecca.lt\/lv\/wp-json\/wp\/v2\/tags?post=11463"}],"curies":[{"name":"wp","href":"https:\/\/api.w.org\/{rel}","templated":true}]}}